{"id":35,"date":"2013-09-19T14:23:41","date_gmt":"2013-09-19T12:23:41","guid":{"rendered":"http:\/\/visualarte-lab.umh.es\/?p=35"},"modified":"2013-09-19T14:23:41","modified_gmt":"2013-09-19T12:23:41","slug":"participacion-en-el-proyecto-catedra-arte-y-enfermedades","status":"publish","type":"post","link":"https:\/\/visualarte-lab.umh.es\/en\/2013\/09\/19\/participacion-en-el-proyecto-catedra-arte-y-enfermedades\/","title":{"rendered":"<span lang=\"es\">(Espa\u00f1ol) Participaci\u00f3n en el proyecto C\u00e1tedra Arte y Enfermedades<\/span>"},"content":{"rendered":"<p class=\"qtranxs-available-languages-message qtranxs-available-languages-message-en\">Sorry, this entry is only available in <a href=\"https:\/\/visualarte-lab.umh.es\/es\/wp-json\/wp\/v2\/posts\/35\" class=\"qtranxs-available-language-link qtranxs-available-language-link-es\" title=\"Espa\u00f1ol\">European Spanish<\/a>.<\/p>","protected":false},"excerpt":{"rendered":"<p>Sorry, this entry is only available in European Spanish.<\/p>\n","protected":false},"author":201,"featured_media":0,"comment_status":"closed","ping_status":"open","sticky":false,"template":"","format":"standard","meta":{"_links_to":"","_links_to_target":""},"categories":[1],"tags":[6625,81],"_links":{"self":[{"href":"https:\/\/visualarte-lab.umh.es\/en\/wp-json\/wp\/v2\/posts\/35"}],"collection":[{"href":"https:\/\/visualarte-lab.umh.es\/en\/wp-json\/wp\/v2\/posts"}],"about":[{"href":"https:\/\/visualarte-lab.umh.es\/en\/wp-json\/wp\/v2\/types\/post"}],"author":[{"embeddable":true,"href":"https:\/\/visualarte-lab.umh.es\/en\/wp-json\/wp\/v2\/users\/201"}],"replies":[{"embeddable":true,"href":"https:\/\/visualarte-lab.umh.es\/en\/wp-json\/wp\/v2\/comments?post=35"}],"version-history":[{"count":0,"href":"https:\/\/visualarte-lab.umh.es\/en\/wp-json\/wp\/v2\/posts\/35\/revisions"}],"wp:attachment":[{"href":"https:\/\/visualarte-lab.umh.es\/en\/wp-json\/wp\/v2\/media?parent=35"}],"wp:term":[{"taxonomy":"category","embeddable":true,"href":"https:\/\/visualarte-lab.umh.es\/en\/wp-json\/wp\/v2\/categories?post=35"},{"taxonomy":"post_tag","embeddable":true,"href":"https:\/\/visualarte-lab.umh.es\/en\/wp-json\/wp\/v2\/tags?post=35"}],"curies":[{"name":"wp","href":"https:\/\/api.w.org\/{rel}","templated":true}]}}